{"id":9857,"date":"2026-07-07T06:47:03","date_gmt":"2026-07-07T06:47:03","guid":{"rendered":"https:\/\/www.provencejewellery.com\/?p=9857"},"modified":"2026-07-07T06:47:03","modified_gmt":"2026-07-07T06:47:03","slug":"what-is-februarys-birthstone","status":"publish","type":"post","link":"https:\/\/www.provencejewellery.com\/es\/blog\/what-is-februarys-birthstone\/","title":{"rendered":"\u00bfCu\u00e1l es la piedra de nacimiento de febrero? Significado y gu\u00eda de la amatista."},"content":{"rendered":"<div data-elementor-type=\"wp-post\" data-elementor-id=\"9857\" class=\"elementor elementor-9857\" data-elementor-post-type=\"post\">\n\t\t\t\t<div class=\"wd-negative-gap elementor-element elementor-element-409438c e-flex e-con-boxed e-con e-parent\" data-id=\"409438c\" data-element_type=\"container\" data-e-type=\"container\">\n\t\t\t\t\t<div class=\"e-con-inner\">\n\t\t\t\t<div class=\"elementor-element elementor-element-185eaa2 elementor-widget elementor-widget-wd_text_block\" data-id=\"185eaa2\" data-element_type=\"widget\" data-e-type=\"widget\" data-widget_type=\"wd_text_block.default\">\n\t\t\t\t<div class=\"elementor-widget-container\">\n\t\t\t\t\t\t\t<div class=\"wd-text-block reset-last-child text-left\">\n\t\t\t\n\t\t\t<p>La piedra natal de febrero es la amatista, una variedad p\u00farpura de cuarzo apreciada durante siglos por su intenso color violeta y sus supuestos poderes de calma y claridad. Es la \u00fanica piedra natal asignada a febrero tanto en la lista moderna (1912, Jewelers of America) como en la tradicional, y tambi\u00e9n es la gema para el sexto y el decimos\u00e9ptimo aniversario de bodas. A continuaci\u00f3n, cubrimos todo lo que un comprador, quien hace un regalo o un vendedor necesita saber: c\u00f3mo se forma la amatista, qu\u00e9 determina su valor, c\u00f3mo se compara con otras gemas p\u00farpuras y qu\u00e9 deben buscar los compradores de EE. UU. y la UE antes de comprarla.<\/p>\n\t\t\t\t\t<\/div>\n\t\t\t\t\t\t<\/div>\n\t\t\t\t<\/div>\n\t\t\t\t\t<\/div>\n\t\t\t\t<\/div>\n\t\t<div class=\"wd-negative-gap elementor-element elementor-element-cb09d54 e-flex e-con-boxed e-con e-parent\" data-id=\"cb09d54\" data-element_type=\"container\" data-e-type=\"container\">\n\t\t\t\t\t<div class=\"e-con-inner\">\n\t\t\t\t<div class=\"elementor-element elementor-element-11e1d1c elementor-widget elementor-widget-heading\" data-id=\"11e1d1c\" data-element_type=\"widget\" data-e-type=\"widget\" data-widget_type=\"heading.default\">\n\t\t\t\t\t<h2 class=\"elementor-heading-title elementor-size-default\">\u00bfQu\u00e9 es la amatista?<\/h2>\t\t\t\t<\/div>\n\t\t\t\t<div class=\"elementor-element elementor-element-d142439 elementor-widget elementor-widget-image\" data-id=\"d142439\" data-element_type=\"widget\" data-e-type=\"widget\" data-widget_type=\"image.default\">\n\t\t\t\t\t\t\t\t\t\t\t\t\t\t\t<img loading=\"lazy\" decoding=\"async\" width=\"1024\" height=\"576\" src=\"https:\/\/www.provencejewellery.com\/wp-content\/uploads\/2026\/07\/macro-photo-of-a-faceted-purple-amethyst-gemstone.webp\" class=\"attachment-large size-large wp-image-9870\" alt=\"Fotograf\u00eda macro de una gema de amatista p\u00farpura facetada.\" srcset=\"https:\/\/www.provencejewellery.com\/wp-content\/uploads\/2026\/07\/macro-photo-of-a-faceted-purple-amethyst-gemstone.webp 1024w, https:\/\/www.provencejewellery.com\/wp-content\/uploads\/2026\/07\/macro-photo-of-a-faceted-purple-amethyst-gemstone-300x169.webp 300w, https:\/\/www.provencejewellery.com\/wp-content\/uploads\/2026\/07\/macro-photo-of-a-faceted-purple-amethyst-gemstone-768x432.webp 768w, https:\/\/www.provencejewellery.com\/wp-content\/uploads\/2026\/07\/macro-photo-of-a-faceted-purple-amethyst-gemstone-18x10.webp 18w, https:\/\/www.provencejewellery.com\/wp-content\/uploads\/2026\/07\/macro-photo-of-a-faceted-purple-amethyst-gemstone-600x338.webp 600w, https:\/\/www.provencejewellery.com\/wp-content\/uploads\/2026\/07\/macro-photo-of-a-faceted-purple-amethyst-gemstone-150x84.webp 150w\" sizes=\"auto, (max-width: 1024px) 100vw, 1024px\" \/>\t\t\t\t\t\t\t\t\t\t\t\t\t\t\t<\/div>\n\t\t\t\t<div class=\"elementor-element elementor-element-a705be2 elementor-widget elementor-widget-wd_text_block\" data-id=\"a705be2\" data-element_type=\"widget\" data-e-type=\"widget\" data-widget_type=\"wd_text_block.default\">\n\t\t\t\t<div class=\"elementor-widget-container\">\n\t\t\t\t\t\t\t<div class=\"wd-text-block reset-last-child text-left\">\n\t\t\t\n\t\t\t<p>La amatista es una forma de cuarzo macrocristalino (di\u00f3xido de silicio) cuyo color p\u00farpura se debe a peque\u00f1as cantidades de hierro combinadas con la irradiaci\u00f3n natural en las profundidades de la Tierra. Su nombre proviene de la palabra griega amethystos, que significa &quot;no intoxicado&quot;. Los antiguos griegos cre\u00edan que la piedra pod\u00eda proteger a quien la portaba de los efectos del vino, y por esa raz\u00f3n, a veces se tallaban recipientes para beber en amatista.<\/p><p>La amatista tiene una dureza de 7 en la escala de Mohs, lo que la hace lo suficientemente resistente para usarla a diario en anillos, pendientes y pulseras, aunque, como la mayor\u00eda de las piedras preciosas, debe protegerse de golpes fuertes y productos qu\u00edmicos agresivos.<\/p><h3><strong><b>C\u00f3mo se forma la amatista<\/b><\/strong><\/h3><p>La amatista cristaliza en cavidades de gas en rocas volc\u00e1nicas, donde fluidos ricos en s\u00edlice depositan lentamente cristales de cuarzo a lo largo de millones de a\u00f1os. Las impurezas de hierro y la radiaci\u00f3n natural de fondo interact\u00faan durante este proceso para producir su color p\u00farpura. Por eso, la amatista se encuentra con tanta frecuencia en el interior de las geodas: formaciones rocosas huecas y repletas de cristales que, al cortarlas, revelan racimos de cristales p\u00farpuras puntiagudos.<\/p>\n\t\t\t\t\t<\/div>\n\t\t\t\t\t\t<\/div>\n\t\t\t\t<\/div>\n\t\t\t\t\t<\/div>\n\t\t\t\t<\/div>\n\t\t<div class=\"wd-negative-gap elementor-element elementor-element-760c2ed e-flex e-con-boxed e-con e-parent\" data-id=\"760c2ed\" data-element_type=\"container\" data-e-type=\"container\">\n\t\t\t\t\t<div class=\"e-con-inner\">\n\t\t\t\t<div class=\"elementor-element elementor-element-dd3b7c6 elementor-widget elementor-widget-heading\" data-id=\"dd3b7c6\" data-element_type=\"widget\" data-e-type=\"widget\" data-widget_type=\"heading.default\">\n\t\t\t\t\t<h2 class=\"elementor-heading-title elementor-size-default\">Significado y simbolismo de la amatista<\/h2>\t\t\t\t<\/div>\n\t\t\t\t<div class=\"elementor-element elementor-element-541a21a elementor-widget elementor-widget-wd_text_block\" data-id=\"541a21a\" data-element_type=\"widget\" data-e-type=\"widget\" data-widget_type=\"wd_text_block.default\">\n\t\t\t\t<div class=\"elementor-widget-container\">\n\t\t\t\t\t\t\t<div class=\"wd-text-block reset-last-child text-left\">\n\t\t\t\n\t\t\t<p>M\u00e1s all\u00e1 de su relaci\u00f3n con la mitolog\u00eda griega del vino, la amatista conlleva una larga lista de asociaciones culturales y espirituales:<\/p><ul><li style=\"list-style-type: none;\"><ul><li>Sobriedad y claridad mental: la asociaci\u00f3n griega original.<\/li><li>Realeza y nobleza: la amatista estuvo hist\u00f3ricamente reservada para obispos, miembros de la realeza y cl\u00e9rigos, y sigue formando parte de las Joyas de la Corona Brit\u00e1nica.<\/li><li>Paz y calma: t\u00e9rminos ampliamente asociados con la tranquilidad, el equilibrio y el alivio del estr\u00e9s en las tradiciones modernas de sanaci\u00f3n con cristales.<\/li><li>Protecci\u00f3n espiritual: utilizada en antiguos talismanes y rosarios.<\/li><li>Una de las doce piedras que representan a las tribus de Israel en el Hoshen (coraza) b\u00edblico, lo que le confiere significado en la tradici\u00f3n jud\u00eda.<\/li><\/ul><\/li><\/ul><p>Catalina la Grande era conocida por su pasi\u00f3n por la amatista siberiana, y la emperatriz Josefina, esposa de Napole\u00f3n Bonaparte, pose\u00eda un collar de amatistas y diamantes al que todav\u00eda hacen referencia los historiadores de la joyer\u00eda en la actualidad.<\/p>\n\t\t\t\t\t<\/div>\n\t\t\t\t\t\t<\/div>\n\t\t\t\t<\/div>\n\t\t\t\t\t<\/div>\n\t\t\t\t<\/div>\n\t\t<div class=\"wd-negative-gap elementor-element elementor-element-5a4314f e-flex e-con-boxed e-con e-parent\" data-id=\"5a4314f\" data-element_type=\"container\" data-e-type=\"container\">\n\t\t\t\t\t<div class=\"e-con-inner\">\n\t\t\t\t<div class=\"elementor-element elementor-element-1ea05b9 elementor-widget elementor-widget-heading\" data-id=\"1ea05b9\" data-element_type=\"widget\" data-e-type=\"widget\" data-widget_type=\"heading.default\">\n\t\t\t\t\t<h2 class=\"elementor-heading-title elementor-size-default\">Conexi\u00f3n zodiacal de febrero: Acuario y Piscis<\/h2>\t\t\t\t<\/div>\n\t\t\t\t<div class=\"elementor-element elementor-element-46707c1 elementor-widget elementor-widget-image\" data-id=\"46707c1\" data-element_type=\"widget\" data-e-type=\"widget\" data-widget_type=\"image.default\">\n\t\t\t\t\t\t\t\t\t\t\t\t\t\t\t<img loading=\"lazy\" decoding=\"async\" width=\"1024\" height=\"576\" src=\"https:\/\/www.provencejewellery.com\/wp-content\/uploads\/2026\/07\/illustration-of-Aquarius-and-Pisces-zodiac-constellations-linked-to-amethyst.webp\" class=\"attachment-large size-large wp-image-9869\" alt=\"Ilustraci\u00f3n de las constelaciones zodiacales de Acuario y Piscis vinculadas a la amatista.\" srcset=\"https:\/\/www.provencejewellery.com\/wp-content\/uploads\/2026\/07\/illustration-of-Aquarius-and-Pisces-zodiac-constellations-linked-to-amethyst.webp 1024w, https:\/\/www.provencejewellery.com\/wp-content\/uploads\/2026\/07\/illustration-of-Aquarius-and-Pisces-zodiac-constellations-linked-to-amethyst-300x169.webp 300w, https:\/\/www.provencejewellery.com\/wp-content\/uploads\/2026\/07\/illustration-of-Aquarius-and-Pisces-zodiac-constellations-linked-to-amethyst-768x432.webp 768w, https:\/\/www.provencejewellery.com\/wp-content\/uploads\/2026\/07\/illustration-of-Aquarius-and-Pisces-zodiac-constellations-linked-to-amethyst-18x10.webp 18w, https:\/\/www.provencejewellery.com\/wp-content\/uploads\/2026\/07\/illustration-of-Aquarius-and-Pisces-zodiac-constellations-linked-to-amethyst-600x338.webp 600w, https:\/\/www.provencejewellery.com\/wp-content\/uploads\/2026\/07\/illustration-of-Aquarius-and-Pisces-zodiac-constellations-linked-to-amethyst-150x84.webp 150w\" sizes=\"auto, (max-width: 1024px) 100vw, 1024px\" \/>\t\t\t\t\t\t\t\t\t\t\t\t\t\t\t<\/div>\n\t\t\t\t<div class=\"elementor-element elementor-element-ccc15a7 elementor-widget elementor-widget-wd_text_block\" data-id=\"ccc15a7\" data-element_type=\"widget\" data-e-type=\"widget\" data-widget_type=\"wd_text_block.default\">\n\t\t\t\t<div class=\"elementor-widget-container\">\n\t\t\t\t\t\t\t<div class=\"wd-text-block reset-last-child text-left\">\n\t\t\t\n\t\t\t<p>Febrero abarca dos signos del zod\u00edaco: Acuario (del 20 de enero al 18 de febrero) y Piscis (del 19 de febrero al 20 de marzo), y la amatista se asocia tradicionalmente con ambos.<\/p><ul><li style=\"list-style-type: none;\"><ul><li>Acuario: se dice que la amatista complementa la naturaleza independiente y vanguardista de este signo, fomentando el pensamiento claro y la originalidad.<\/li><li>Piscis: se cree que la reputaci\u00f3n calmante de la amatista apoya el temperamento intuitivo y emp\u00e1tico del signo y alivia la sobrecarga emocional.<\/li><\/ul><\/li><\/ul><p>Independientemente de si se siguen o no las tradiciones astrol\u00f3gicas, la conexi\u00f3n con el zod\u00edaco es una raz\u00f3n popular por la que los compradores nacidos en febrero buscan espec\u00edficamente joyas de amatista, en lugar de una piedra sustituta.<\/p>\n\t\t\t\t\t<\/div>\n\t\t\t\t\t\t<\/div>\n\t\t\t\t<\/div>\n\t\t\t\t\t<\/div>\n\t\t\t\t<\/div>\n\t\t<div class=\"wd-negative-gap elementor-element elementor-element-f7da5f8 e-flex e-con-boxed e-con e-parent\" data-id=\"f7da5f8\" data-element_type=\"container\" data-e-type=\"container\">\n\t\t\t\t\t<div class=\"e-con-inner\">\n\t\t\t\t<div class=\"elementor-element elementor-element-93e4ffd elementor-widget elementor-widget-heading\" data-id=\"93e4ffd\" data-element_type=\"widget\" data-e-type=\"widget\" data-widget_type=\"heading.default\">\n\t\t\t\t\t<h2 class=\"elementor-heading-title elementor-size-default\">Gu\u00eda de colores amatista<\/h2>\t\t\t\t<\/div>\n\t\t\t\t<div class=\"elementor-element elementor-element-4db44c5 elementor-widget elementor-widget-wd_text_block\" data-id=\"4db44c5\" data-element_type=\"widget\" data-e-type=\"widget\" data-widget_type=\"wd_text_block.default\">\n\t\t\t\t<div class=\"elementor-widget-container\">\n\t\t\t\t\t\t\t<div class=\"wd-text-block reset-last-child text-left\">\n\t\t\t\n\t\t\t<p>No todas las amatistas son iguales, y el color es el factor determinante de su valor. El color m\u00e1s codiciado es un p\u00farpura intenso y saturado con destellos rojos y azules, conocido hist\u00f3ricamente como &quot;Siberiano Profundo&quot; por los yacimientos rusos que lo produjeron por primera vez, aunque la mayor parte del material de alta calidad hoy en d\u00eda proviene de \u00c1frica y Sudam\u00e9rica.<\/p>\n\t\t\t\t\t<\/div>\n\t\t\t\t\t\t<\/div>\n\t\t\t\t<\/div>\n\t\t\t\t<div class=\"elementor-element elementor-element-0f86b9e elementor-widget elementor-widget-image\" data-id=\"0f86b9e\" data-element_type=\"widget\" data-e-type=\"widget\" data-widget_type=\"image.default\">\n\t\t\t\t\t\t\t\t\t\t\t\t\t\t\t<img decoding=\"async\" width=\"1024\" height=\"576\" src=\"https:\/\/www.provencejewellery.com\/wp-content\/uploads\/2026\/07\/amethyst-color-range-from-pale-Rose-de-France-to-deep-Siberian-purple.webp\" class=\"attachment-large size-large wp-image-9872\" alt=\"La gama de colores de la amatista va desde el rosa p\u00e1lido de Francia hasta el p\u00farpura siberiano intenso.\" loading=\"lazy\" srcset=\"https:\/\/www.provencejewellery.com\/wp-content\/uploads\/2026\/07\/amethyst-color-range-from-pale-Rose-de-France-to-deep-Siberian-purple.webp 1024w, https:\/\/www.provencejewellery.com\/wp-content\/uploads\/2026\/07\/amethyst-color-range-from-pale-Rose-de-France-to-deep-Siberian-purple-300x169.webp 300w, https:\/\/www.provencejewellery.com\/wp-content\/uploads\/2026\/07\/amethyst-color-range-from-pale-Rose-de-France-to-deep-Siberian-purple-768x432.webp 768w, https:\/\/www.provencejewellery.com\/wp-content\/uploads\/2026\/07\/amethyst-color-range-from-pale-Rose-de-France-to-deep-Siberian-purple-18x10.webp 18w, https:\/\/www.provencejewellery.com\/wp-content\/uploads\/2026\/07\/amethyst-color-range-from-pale-Rose-de-France-to-deep-Siberian-purple-600x338.webp 600w, https:\/\/www.provencejewellery.com\/wp-content\/uploads\/2026\/07\/amethyst-color-range-from-pale-Rose-de-France-to-deep-Siberian-purple-150x84.webp 150w\" sizes=\"auto, (max-width: 1024px) 100vw, 1024px\" \/>\t\t\t\t\t\t\t\t\t\t\t\t\t\t\t<\/div>\n\t\t\t\t<div class=\"elementor-element elementor-element-ea0cd92 elementor-widget elementor-widget-wd_table\" data-id=\"ea0cd92\" data-element_type=\"widget\" data-e-type=\"widget\" data-widget_type=\"wd_table.default\">\n\t\t\t\t<div class=\"elementor-widget-container\">\n\t\t\t\t\t\t\t<div class=\"wd-el-table-wrap wd-reset-all-last\">\n\t\t\t<table class=\"wd-el-table\">\n\t\t\t\t\t\t\t\t\t<thead class=\"text-left\">\n\t\t\t\t\t\t\t\t\t\t\t\t\t\t\t\t\t\t\t\t\t\t\t\t\t\t\t\t\t\t<tr class=\"wd-table-row elementor-repeater-item-485be32\">\n\t\t\t\t\t\t\t\t\t\t\t\t\t\t\t\t\t\t\t\t\t\t\t\t\t\t\t\t\t\t\t\t\t\t\t\t<th class=\"wd-table-cell elementor-repeater-item-e11c80f\" colspan=\"1\" rowspan=\"1\">\n\t\t\t\t\t\t\t\t\t<p><strong><b>Grado de color<\/b><\/strong><\/p>\t\t\t\t\t\t\t\t<\/th>\n\t\t\t\t\t\t\t\t\t\t\t\t\t\t\t\t\t\t\t\t\t\t\t\t\t\t\t\t<th class=\"wd-table-cell elementor-repeater-item-fb0cd9b\" colspan=\"1\" rowspan=\"1\">\n\t\t\t\t\t\t\t\t\t<p><strong><b>Descripci\u00f3n<\/b><\/strong><\/p>\t\t\t\t\t\t\t\t<\/th>\n\t\t\t\t\t\t\t\t\t\t\t\t\t\t\t\t\t\t\t\t\t\t\t\t\t\t\t\t<th class=\"wd-table-cell elementor-repeater-item-f8d28c3\" colspan=\"1\" rowspan=\"1\">\n\t\t\t\t\t\t\t\t\t<p><strong><b>Fuente t\u00edpica<\/b><\/strong><\/p>\t\t\t\t\t\t\t\t<\/th>\n\t\t\t\t\t\t\t\t\t\t\t\t\t\t\t\t\t\t\t<\/tr>\n\t\t\t\t\t<\/thead>\n\t\t\t\t\n\t\t\t\t<tbody class=\"text-left\">\n\t\t\t\t\t\t\t\t\t\t\t\t\t\t\t\t\t\t\t\t\t\t\t\t\t\t<tr class=\"wd-table-row elementor-repeater-item-f97695f\">\n\t\t\t\t\t\t\t\t\t\t\t\t\t\t\t\t\t\t\t\t\t\t\t\t\t\t\t\t\t\t\t\n\t\t\t\t\t\t\t<td class=\"wd-table-cell elementor-repeater-item-f2b2dfd\" colspan=\"1\" rowspan=\"1\">\n\t\t\t\t\t\t\t\t<p>Siberia profunda<\/p>\t\t\t\t\t\t\t<\/td>\n\t\t\t\t\t\t\t\t\t\t\t\t\t\t\t\t\t\t\t\t\t\t\t\t\n\t\t\t\t\t\t\t<td class=\"wd-table-cell elementor-repeater-item-dbd985c\" colspan=\"1\" rowspan=\"1\">\n\t\t\t\t\t\t\t\t<p>P\u00farpura intenso con destellos rojos\/azules; la calidad m\u00e1s fina y rara.<\/p>\t\t\t\t\t\t\t<\/td>\n\t\t\t\t\t\t\t\t\t\t\t\t\t\t\t\t\t\t\t\t\t\t\t\t\n\t\t\t\t\t\t\t<td class=\"wd-table-cell elementor-repeater-item-6caee50\" colspan=\"1\" rowspan=\"1\">\n\t\t\t\t\t\t\t\t<p>Zambia, Brasil (bolsillos finos)<\/p>\t\t\t\t\t\t\t<\/td>\n\t\t\t\t\t\t\t\t\t\t\t\t\t\t\t\t\t\t\t\t\t\t\t\t\t\t\t\t\t\t\t\t<\/tr>\n\t\t\t\t\t\t\t\t<tr class=\"wd-table-row elementor-repeater-item-f5b4abd\">\n\t\t\t\t\t\t\t\t\t\t\t\t\t\t\t\t\t\t\t\t\t\t\t\t\t\t\t\t\t\t\t\n\t\t\t\t\t\t\t<td class=\"wd-table-cell elementor-repeater-item-d860a2f\" colspan=\"1\" rowspan=\"1\">\n\t\t\t\t\t\t\t\t<p>Rosa de Francia<\/p>\t\t\t\t\t\t\t<\/td>\n\t\t\t\t\t\t\t\t\t\t\t\t\t\t\t\t\t\t\t\t\t\t\t\t\n\t\t\t\t\t\t\t<td class=\"wd-table-cell elementor-repeater-item-6a9b72c\" colspan=\"1\" rowspan=\"1\">\n\t\t\t\t\t\t\t\t<p>De lila p\u00e1lido a lavanda suave; delicado y asequible.<\/p>\t\t\t\t\t\t\t<\/td>\n\t\t\t\t\t\t\t\t\t\t\t\t\t\t\t\t\t\t\t\t\t\t\t\t\n\t\t\t\t\t\t\t<td class=\"wd-table-cell elementor-repeater-item-2a42122\" colspan=\"1\" rowspan=\"1\">\n\t\t\t\t\t\t\t\t<p>Brasil, Bolivia<\/p>\t\t\t\t\t\t\t<\/td>\n\t\t\t\t\t\t\t\t\t\t\t\t\t\t\t\t\t\t\t\t\t\t\t\t\t\t\t\t\t\t\t\t<\/tr>\n\t\t\t\t\t\t\t\t<tr class=\"wd-table-row elementor-repeater-item-46af8d9\">\n\t\t\t\t\t\t\t\t\t\t\t\t\t\t\t\t\t\t\t\t\t\t\t\t\t\t\t\t\t\t\t\n\t\t\t\t\t\t\t<td class=\"wd-table-cell elementor-repeater-item-22849bb\" colspan=\"1\" rowspan=\"1\">\n\t\t\t\t\t\t\t\t<p>Uruguayo \/ Cl\u00e1sico<\/p>\t\t\t\t\t\t\t<\/td>\n\t\t\t\t\t\t\t\t\t\t\t\t\t\t\t\t\t\t\t\t\t\t\t\t\n\t\t\t\t\t\t\t<td class=\"wd-table-cell elementor-repeater-item-180a3ab\" colspan=\"1\" rowspan=\"1\">\n\t\t\t\t\t\t\t\t<p>Violeta de tono medio a oscuro, el grado comercial m\u00e1s com\u00fan.<\/p>\t\t\t\t\t\t\t<\/td>\n\t\t\t\t\t\t\t\t\t\t\t\t\t\t\t\t\t\t\t\t\t\t\t\t\n\t\t\t\t\t\t\t<td class=\"wd-table-cell elementor-repeater-item-6ea628e\" colspan=\"1\" rowspan=\"1\">\n\t\t\t\t\t\t\t\t<p>Uruguay, Brasil<\/p>\t\t\t\t\t\t\t<\/td>\n\t\t\t\t\t\t\t\t\t\t\t\t\t\t\t\t\t\t\t\t\t\t\t\t\t\t\t\t\t\t\t\t<\/tr>\n\t\t\t\t\t\t\t\t<tr class=\"wd-table-row elementor-repeater-item-39e61c2\">\n\t\t\t\t\t\t\t\t\t\t\t\t\t\t\t\t\t\t\t\t\t\t\t\t\t\t\t\t\t\t\t\n\t\t\t\t\t\t\t<td class=\"wd-table-cell elementor-repeater-item-111e859\" colspan=\"1\" rowspan=\"1\">\n\t\t\t\t\t\t\t\t<p>Prasiolita<\/p>\t\t\t\t\t\t\t<\/td>\n\t\t\t\t\t\t\t\t\t\t\t\t\t\t\t\t\t\t\t\t\t\t\t\t\n\t\t\t\t\t\t\t<td class=\"wd-table-cell elementor-repeater-item-dbe25ba\" colspan=\"1\" rowspan=\"1\">\n\t\t\t\t\t\t\t\t<p>Cuarzo verde producido mediante tratamiento t\u00e9rmico de ciertas amatistas; se vende como una &quot;amatista verde&quot; distinta.\"<\/p>\t\t\t\t\t\t\t<\/td>\n\t\t\t\t\t\t\t\t\t\t\t\t\t\t\t\t\t\t\t\t\t\t\t\t\n\t\t\t\t\t\t\t<td class=\"wd-table-cell elementor-repeater-item-2a66422\" colspan=\"1\" rowspan=\"1\">\n\t\t\t\t\t\t\t\t<p>Brasil (tratado t\u00e9rmicamente)<\/p>\t\t\t\t\t\t\t<\/td>\n\t\t\t\t\t\t\t\t\t\t\t\t\t\t\t\t\t\t\t\t\t\t\t\t\t\t\t\t\t\t\t\t<\/tr>\n\t\t\t\t\t\t\t\t<tr class=\"wd-table-row elementor-repeater-item-222d3fe\">\n\t\t\t\t\t\t\t\t\t\t\t\t\t\t\t\t\t\t\t\t\t\t\t\t\t\t\t\t\t\t\t\n\t\t\t\t\t\t\t<td class=\"wd-table-cell elementor-repeater-item-790a7c7\" colspan=\"1\" rowspan=\"1\">\n\t\t\t\t\t\t\t\t<p>Ametrina<\/p>\t\t\t\t\t\t\t<\/td>\n\t\t\t\t\t\t\t\t\t\t\t\t\t\t\t\t\t\t\t\t\t\t\t\t\n\t\t\t\t\t\t\t<td class=\"wd-table-cell elementor-repeater-item-7d4c511\" colspan=\"1\" rowspan=\"1\">\n\t\t\t\t\t\t\t\t<p>Piedra bicolor que combina el p\u00farpura de la amatista con el amarillo del citrino en un solo cristal.<\/p>\t\t\t\t\t\t\t<\/td>\n\t\t\t\t\t\t\t\t\t\t\t\t\t\t\t\t\t\t\t\t\t\t\t\t\n\t\t\t\t\t\t\t<td class=\"wd-table-cell elementor-repeater-item-75144a7\" colspan=\"1\" rowspan=\"1\">\n\t\t\t\t\t\t\t\t<p>Bolivia (Mina Anah\u00ed)<\/p>\t\t\t\t\t\t\t<\/td>\n\t\t\t\t\t\t\t\t\t\t\t\t\t\t\t\t<\/tr>\n\t\t\t\t<\/tbody>\n\t\t\t<\/table>\n\t\t<\/div>\n\t\t\t\t\t\t<\/div>\n\t\t\t\t<\/div>\n\t\t\t\t\t<\/div>\n\t\t\t\t<\/div>\n\t\t<div class=\"wd-negative-gap elementor-element elementor-element-8daa49e e-flex e-con-boxed e-con e-parent\" data-id=\"8daa49e\" data-element_type=\"container\" data-e-type=\"container\">\n\t\t\t\t\t<div class=\"e-con-inner\">\n\t\t\t\t<div class=\"elementor-element elementor-element-efe27bd elementor-widget elementor-widget-heading\" data-id=\"efe27bd\" data-element_type=\"widget\" data-e-type=\"widget\" data-widget_type=\"heading.default\">\n\t\t\t\t\t<h2 class=\"elementor-heading-title elementor-size-default\">De d\u00f3nde proviene la amatista<\/h2>\t\t\t\t<\/div>\n\t\t\t\t<div class=\"elementor-element elementor-element-0a09a56 elementor-widget elementor-widget-wd_text_block\" data-id=\"0a09a56\" data-element_type=\"widget\" data-e-type=\"widget\" data-widget_type=\"wd_text_block.default\">\n\t\t\t\t<div class=\"elementor-widget-container\">\n\t\t\t\t\t\t\t<div class=\"wd-text-block reset-last-child text-left\">\n\t\t\t\n\t\t\t<p>La amatista se extrae en casi todos los continentes, pero un pu\u00f1ado de fuentes dominan la cadena de suministro actual:<\/p><ul><li style=\"list-style-type: none;\"><ul><li>Brasil \u2014 el mayor productor mundial por volumen, en particular los estados de Rio Grande do Sul y Bah\u00eda<\/li><li>Zambia: fuente de algunos de los mejores materiales de color p\u00farpura intenso disponibles en la actualidad, apreciados por los fabricantes por su saturaci\u00f3n uniforme.<\/li><li>Uruguay \u2014 conocido por sus piedras oscuras y de colores intensos que a menudo se venden junto con material brasile\u00f1o.<\/li><li>Bolivia \u2014 hogar de la mina Anah\u00ed, la principal fuente mundial de ametrina<\/li><li>Estados Unidos: un yacimiento notable en Four Peaks, Arizona, aunque la producci\u00f3n es peque\u00f1a en comparaci\u00f3n con Sudam\u00e9rica y \u00c1frica.<\/li><\/ul><\/li><\/ul><p>Como fabricante que trabaja directamente con centros de corte y engaste, obtenemos la amatista a trav\u00e9s de proveedores verificados que proporcionan documentaci\u00f3n sobre su origen y estado de tratamiento; una pr\u00e1ctica cada vez m\u00e1s esperada tanto por los socios minoristas como por los consumidores, y sobre la que todo socio OEM\/ODM de buena reputaci\u00f3n deber\u00eda poder hablar si se le solicita.<\/p>\n\t\t\t\t\t<\/div>\n\t\t\t\t\t\t<\/div>\n\t\t\t\t<\/div>\n\t\t\t\t\t<\/div>\n\t\t\t\t<\/div>\n\t\t<div class=\"wd-negative-gap elementor-element elementor-element-e1ca128 e-flex e-con-boxed e-con e-parent\" data-id=\"e1ca128\" data-element_type=\"container\" data-e-type=\"container\">\n\t\t\t\t\t<div class=\"e-con-inner\">\n\t\t\t\t<div class=\"elementor-element elementor-element-ed5e97b elementor-widget elementor-widget-heading\" data-id=\"ed5e97b\" data-element_type=\"widget\" data-e-type=\"widget\" data-widget_type=\"heading.default\">\n\t\t\t\t\t<h2 class=\"elementor-heading-title elementor-size-default\">Amatista natural frente a amatista creada en laboratorio<\/h2>\t\t\t\t<\/div>\n\t\t\t\t<div class=\"elementor-element elementor-element-c8cb535 elementor-widget elementor-widget-wd_text_block\" data-id=\"c8cb535\" data-element_type=\"widget\" data-e-type=\"widget\" data-widget_type=\"wd_text_block.default\">\n\t\t\t\t<div class=\"elementor-widget-container\">\n\t\t\t\t\t\t\t<div class=\"wd-text-block reset-last-child text-left\">\n\t\t\t\n\t\t\t<p>La amatista sint\u00e9tica (creada en laboratorio) tiene la misma composici\u00f3n qu\u00edmica y estructura cristalina que la amatista natural, pero se cultiva en un entorno controlado en lugar de en la tierra. Su aspecto es pr\u00e1cticamente id\u00e9ntico y suele costar una fracci\u00f3n del precio de la amatista natural.<\/p><p>En los Estados Unidos,<a href=\"https:\/\/www.ecfr.gov\/current\/title-16\/chapter-I\/subchapter-B\/part-23\" target=\"_blank\" rel=\"noopener\"> Gu\u00edas de la FTC para la industria de la joyer\u00eda (16 CFR Parte 23)<\/a> Se exige una divulgaci\u00f3n clara cuando una gema es creada en laboratorio, sint\u00e9tica o tratada, y se proh\u00edbe describir las piedras cultivadas en laboratorio como &quot;naturales&quot; o &quot;aut\u00e9nticas&quot; sin ninguna aclaraci\u00f3n. Los minoristas de buena reputaci\u00f3n divulgan esta informaci\u00f3n en cada ficha de producto y recibo.<\/p><p>Casi toda la amatista comercial, ya sea natural o creada en laboratorio, se somete a alg\u00fan tratamiento t\u00e9rmico o irradiaci\u00f3n para mejorar la uniformidad del color; una pr\u00e1ctica ampliamente aceptada en la industria, pero que aun as\u00ed deber\u00eda divulgarse seg\u00fan las directrices de la FTC y las normas comparables de protecci\u00f3n al consumidor de la UE.<\/p>\n\t\t\t\t\t<\/div>\n\t\t\t\t\t\t<\/div>\n\t\t\t\t<\/div>\n\t\t\t\t\t<\/div>\n\t\t\t\t<\/div>\n\t\t<div class=\"wd-negative-gap elementor-element elementor-element-5eb29a4 e-flex e-con-boxed e-con e-parent\" data-id=\"5eb29a4\" data-element_type=\"container\" data-e-type=\"container\">\n\t\t\t\t\t<div class=\"e-con-inner\">\n\t\t\t\t<div class=\"elementor-element elementor-element-af5ee6f elementor-widget elementor-widget-heading\" data-id=\"af5ee6f\" data-element_type=\"widget\" data-e-type=\"widget\" data-widget_type=\"heading.default\">\n\t\t\t\t\t<h2 class=\"elementor-heading-title elementor-size-default\">Consideraciones para compradores de la UE y el Reino Unido<\/h2>\t\t\t\t<\/div>\n\t\t\t\t<div class=\"elementor-element elementor-element-9bc9ba9 elementor-widget elementor-widget-wd_text_block\" data-id=\"9bc9ba9\" data-element_type=\"widget\" data-e-type=\"widget\" data-widget_type=\"wd_text_block.default\">\n\t\t\t\t<div class=\"elementor-widget-container\">\n\t\t\t\t\t\t\t<div class=\"wd-text-block reset-last-child text-left\">\n\t\t\t\n\t\t\t<p>Los compradores y minoristas de Europa y el Reino Unido deben tener en cuenta algunas particularidades regionales que normalmente no aparecen en las gu\u00edas centradas en Estados Unidos:<\/p><ul><li style=\"list-style-type: none;\"><ul><li>Ley de contrastes del Reino Unido de 1973: cualquier joya de amatista engastada en oro, plata, platino o paladio que supere el umbral de peso exento debe ser contrastada en una Oficina de Ensayo si se vende en el Reino Unido, verificando el contenido de metal precioso (esto se aplica al engaste, no a la gema en s\u00ed).<\/li><li>REACH Anexo XVII, Entrada 27 (Directiva sobre el n\u00edquel): Reglamento de la UE que restringe la liberaci\u00f3n de n\u00edquel de las joyas en contacto directo y prolongado con la piel, relevante para el engaste met\u00e1lico en el que se monta una amatista, en particular para la bisuter\u00eda y la joyer\u00eda de moda.<\/li><li>Etiquetado de protecci\u00f3n al consumidor en la UE: al igual que las gu\u00edas de la FTC de EE. UU., los estados miembros de la UE exigen la divulgaci\u00f3n precisa del tratamiento de las piedras preciosas, las afirmaciones sobre su origen y su condici\u00f3n de creadas en laboratorio en los listados comerciales.<\/li><\/ul><\/li><\/ul><p>Para los compradores y minoristas B2B que buscan joyas de amatista para el mercado del Reino Unido o la UE, trabajar con un fabricante que pueda suministrar piezas listas para el contraste y aleaciones que cumplan con la normativa del n\u00edquel desde el principio evita costosos problemas de cumplimiento normativo despu\u00e9s de la producci\u00f3n.<\/p>\n\t\t\t\t\t<\/div>\n\t\t\t\t\t\t<\/div>\n\t\t\t\t<\/div>\n\t\t\t\t\t<\/div>\n\t\t\t\t<\/div>\n\t\t<div class=\"wd-negative-gap elementor-element elementor-element-96ff25c e-flex e-con-boxed e-con e-parent\" data-id=\"96ff25c\" data-element_type=\"container\" data-e-type=\"container\">\n\t\t\t\t\t<div class=\"e-con-inner\">\n\t\t\t\t<div class=\"elementor-element elementor-element-ca05af7 elementor-widget elementor-widget-heading\" data-id=\"ca05af7\" data-element_type=\"widget\" data-e-type=\"widget\" data-widget_type=\"heading.default\">\n\t\t\t\t\t<h2 class=\"elementor-heading-title elementor-size-default\">Amatista frente a otras piedras preciosas de color p\u00farpura<\/h2>\t\t\t\t<\/div>\n\t\t\t\t<div class=\"elementor-element elementor-element-86f4806 elementor-widget elementor-widget-wd_text_block\" data-id=\"86f4806\" data-element_type=\"widget\" data-e-type=\"widget\" data-widget_type=\"wd_text_block.default\">\n\t\t\t\t<div class=\"elementor-widget-container\">\n\t\t\t\t\t\t\t<div class=\"wd-text-block reset-last-child text-left\">\n\t\t\t\n\t\t\t<p>La amatista no es la \u00fanica gema p\u00farpura en el mercado. Aqu\u00ed te mostramos c\u00f3mo se compara con las alternativas m\u00e1s comunes:<\/p>\n\t\t\t\t\t<\/div>\n\t\t\t\t\t\t<\/div>\n\t\t\t\t<\/div>\n\t\t\t\t<div class=\"elementor-element elementor-element-ad082bf elementor-widget elementor-widget-image\" data-id=\"ad082bf\" data-element_type=\"widget\" data-e-type=\"widget\" data-widget_type=\"image.default\">\n\t\t\t\t\t\t\t\t\t\t\t\t\t\t\t<img decoding=\"async\" width=\"1024\" height=\"576\" src=\"https:\/\/www.provencejewellery.com\/wp-content\/uploads\/2026\/07\/side-by-side-comparison-of-amethyst-sapphire-tanzanite-and-spinel.webp\" class=\"attachment-large size-large wp-image-9871\" alt=\"Comparaci\u00f3n lado a lado de amatista, zafiro, tanzanita y espinela.\" loading=\"lazy\" srcset=\"https:\/\/www.provencejewellery.com\/wp-content\/uploads\/2026\/07\/side-by-side-comparison-of-amethyst-sapphire-tanzanite-and-spinel.webp 1024w, https:\/\/www.provencejewellery.com\/wp-content\/uploads\/2026\/07\/side-by-side-comparison-of-amethyst-sapphire-tanzanite-and-spinel-300x169.webp 300w, https:\/\/www.provencejewellery.com\/wp-content\/uploads\/2026\/07\/side-by-side-comparison-of-amethyst-sapphire-tanzanite-and-spinel-768x432.webp 768w, https:\/\/www.provencejewellery.com\/wp-content\/uploads\/2026\/07\/side-by-side-comparison-of-amethyst-sapphire-tanzanite-and-spinel-18x10.webp 18w, https:\/\/www.provencejewellery.com\/wp-content\/uploads\/2026\/07\/side-by-side-comparison-of-amethyst-sapphire-tanzanite-and-spinel-600x338.webp 600w, https:\/\/www.provencejewellery.com\/wp-content\/uploads\/2026\/07\/side-by-side-comparison-of-amethyst-sapphire-tanzanite-and-spinel-150x84.webp 150w\" sizes=\"auto, (max-width: 1024px) 100vw, 1024px\" \/>\t\t\t\t\t\t\t\t\t\t\t\t\t\t\t<\/div>\n\t\t\t\t<div class=\"elementor-element elementor-element-e819a9f elementor-widget elementor-widget-wd_table\" data-id=\"e819a9f\" data-element_type=\"widget\" data-e-type=\"widget\" data-widget_type=\"wd_table.default\">\n\t\t\t\t<div class=\"elementor-widget-container\">\n\t\t\t\t\t\t\t<div class=\"wd-el-table-wrap wd-reset-all-last\">\n\t\t\t<table class=\"wd-el-table\">\n\t\t\t\t\t\t\t\t\t<thead class=\"text-left\">\n\t\t\t\t\t\t\t\t\t\t\t\t\t\t\t\t\t\t\t\t\t\t\t\t\t\t\t\t\t\t<tr class=\"wd-table-row elementor-repeater-item-485be32\">\n\t\t\t\t\t\t\t\t\t\t\t\t\t\t\t\t\t\t\t\t\t\t\t\t\t\t\t\t\t\t\t\t\t\t\t\t<th class=\"wd-table-cell elementor-repeater-item-e11c80f\" colspan=\"1\" rowspan=\"1\">\n\t\t\t\t\t\t\t\t\t<p><strong><b>Piedra preciosa<\/b><\/strong><\/p>\t\t\t\t\t\t\t\t<\/th>\n\t\t\t\t\t\t\t\t\t\t\t\t\t\t\t\t\t\t\t\t\t\t\t\t\t\t\t\t<th class=\"wd-table-cell elementor-repeater-item-fb0cd9b\" colspan=\"1\" rowspan=\"1\">\n\t\t\t\t\t\t\t\t\t<p><strong><b>Dureza (Mohs)<\/b><\/strong><\/p>\t\t\t\t\t\t\t\t<\/th>\n\t\t\t\t\t\t\t\t\t\t\t\t\t\t\t\t\t\t\t\t\t\t\t\t\t\t\t\t<th class=\"wd-table-cell elementor-repeater-item-f8d28c3\" colspan=\"1\" rowspan=\"1\">\n\t\t\t\t\t\t\t\t\t<p><strong><b>Precio relativo<\/b><\/strong><\/p>\t\t\t\t\t\t\t\t<\/th>\n\t\t\t\t\t\t\t\t\t\t\t\t\t\t\t\t\t\t\t\t\t\t\t\t\t\t\t\t<th class=\"wd-table-cell elementor-repeater-item-6d81ced\" colspan=\"1\" rowspan=\"1\">\n\t\t\t\t\t\t\t\t\t<p><strong><b>Notas<\/b><\/strong><\/p>\t\t\t\t\t\t\t\t<\/th>\n\t\t\t\t\t\t\t\t\t\t\t\t\t\t\t\t\t\t\t<\/tr>\n\t\t\t\t\t<\/thead>\n\t\t\t\t\n\t\t\t\t<tbody class=\"text-left\">\n\t\t\t\t\t\t\t\t\t\t\t\t\t\t\t\t\t\t\t\t\t\t\t\t\t\t<tr class=\"wd-table-row elementor-repeater-item-f97695f\">\n\t\t\t\t\t\t\t\t\t\t\t\t\t\t\t\t\t\t\t\t\t\t\t\t\t\t\t\t\t\t\t\n\t\t\t\t\t\t\t<td class=\"wd-table-cell elementor-repeater-item-f2b2dfd\" colspan=\"1\" rowspan=\"1\">\n\t\t\t\t\t\t\t\t<p>Amatista<\/p>\t\t\t\t\t\t\t<\/td>\n\t\t\t\t\t\t\t\t\t\t\t\t\t\t\t\t\t\t\t\t\t\t\t\t\n\t\t\t\t\t\t\t<td class=\"wd-table-cell elementor-repeater-item-dbd985c\" colspan=\"1\" rowspan=\"1\">\n\t\t\t\t\t\t\t\t<p>7<\/p>\t\t\t\t\t\t\t<\/td>\n\t\t\t\t\t\t\t\t\t\t\t\t\t\t\t\t\t\t\t\t\t\t\t\t\n\t\t\t\t\t\t\t<td class=\"wd-table-cell elementor-repeater-item-6caee50\" colspan=\"1\" rowspan=\"1\">\n\t\t\t\t\t\t\t\t<p>$<\/p>\t\t\t\t\t\t\t<\/td>\n\t\t\t\t\t\t\t\t\t\t\t\t\t\t\t\t\t\t\t\t\t\t\t\t\n\t\t\t\t\t\t\t<td class=\"wd-table-cell elementor-repeater-item-4b0e790\" colspan=\"1\" rowspan=\"1\">\n\t\t\t\t\t\t\t\t<p>El precio m\u00e1s asequible; amplia disponibilidad de colores y tallas.<\/p>\t\t\t\t\t\t\t<\/td>\n\t\t\t\t\t\t\t\t\t\t\t\t\t\t\t\t\t\t\t\t\t\t\t\t\t\t\t\t\t\t\t\t<\/tr>\n\t\t\t\t\t\t\t\t<tr class=\"wd-table-row elementor-repeater-item-f5b4abd\">\n\t\t\t\t\t\t\t\t\t\t\t\t\t\t\t\t\t\t\t\t\t\t\t\t\t\t\t\t\t\t\t\n\t\t\t\t\t\t\t<td class=\"wd-table-cell elementor-repeater-item-d860a2f\" colspan=\"1\" rowspan=\"1\">\n\t\t\t\t\t\t\t\t<p>Zafiro p\u00farpura<\/p>\t\t\t\t\t\t\t<\/td>\n\t\t\t\t\t\t\t\t\t\t\t\t\t\t\t\t\t\t\t\t\t\t\t\t\n\t\t\t\t\t\t\t<td class=\"wd-table-cell elementor-repeater-item-6a9b72c\" colspan=\"1\" rowspan=\"1\">\n\t\t\t\t\t\t\t\t<p>9<\/p>\t\t\t\t\t\t\t<\/td>\n\t\t\t\t\t\t\t\t\t\t\t\t\t\t\t\t\t\t\t\t\t\t\t\t\n\t\t\t\t\t\t\t<td class=\"wd-table-cell elementor-repeater-item-2a42122\" colspan=\"1\" rowspan=\"1\">\n\t\t\t\t\t\t\t\t<p>$$$$<\/p>\t\t\t\t\t\t\t<\/td>\n\t\t\t\t\t\t\t\t\t\t\t\t\t\t\t\t\t\t\t\t\t\t\t\t\n\t\t\t\t\t\t\t<td class=\"wd-table-cell elementor-repeater-item-3f0e7cc\" colspan=\"1\" rowspan=\"1\">\n\t\t\t\t\t\t\t\t<p>Mucho m\u00e1s duro y raro; costo por quilate significativamente m\u00e1s alto.<\/p>\t\t\t\t\t\t\t<\/td>\n\t\t\t\t\t\t\t\t\t\t\t\t\t\t\t\t\t\t\t\t\t\t\t\t\t\t\t\t\t\t\t\t<\/tr>\n\t\t\t\t\t\t\t\t<tr class=\"wd-table-row elementor-repeater-item-46af8d9\">\n\t\t\t\t\t\t\t\t\t\t\t\t\t\t\t\t\t\t\t\t\t\t\t\t\t\t\t\t\t\t\t\n\t\t\t\t\t\t\t<td class=\"wd-table-cell elementor-repeater-item-22849bb\" colspan=\"1\" rowspan=\"1\">\n\t\t\t\t\t\t\t\t<p>Tanzanita<\/p>\t\t\t\t\t\t\t<\/td>\n\t\t\t\t\t\t\t\t\t\t\t\t\t\t\t\t\t\t\t\t\t\t\t\t\n\t\t\t\t\t\t\t<td class=\"wd-table-cell elementor-repeater-item-180a3ab\" colspan=\"1\" rowspan=\"1\">\n\t\t\t\t\t\t\t\t<p>6,5\u20137<\/p>\t\t\t\t\t\t\t<\/td>\n\t\t\t\t\t\t\t\t\t\t\t\t\t\t\t\t\t\t\t\t\t\t\t\t\n\t\t\t\t\t\t\t<td class=\"wd-table-cell elementor-repeater-item-6ea628e\" colspan=\"1\" rowspan=\"1\">\n\t\t\t\t\t\t\t\t<p>$$$<\/p>\t\t\t\t\t\t\t<\/td>\n\t\t\t\t\t\t\t\t\t\t\t\t\t\t\t\t\t\t\t\t\t\t\t\t\n\t\t\t\t\t\t\t<td class=\"wd-table-cell elementor-repeater-item-89c564d\" colspan=\"1\" rowspan=\"1\">\n\t\t\t\t\t\t\t\t<p>M\u00e1s raro, m\u00e1s fr\u00e1gil, presenta cambio de color (azul\/p\u00farpura\/burdeos) seg\u00fan el \u00e1ngulo.<\/p>\t\t\t\t\t\t\t<\/td>\n\t\t\t\t\t\t\t\t\t\t\t\t\t\t\t\t\t\t\t\t\t\t\t\t\t\t\t\t\t\t\t\t<\/tr>\n\t\t\t\t\t\t\t\t<tr class=\"wd-table-row elementor-repeater-item-39e61c2\">\n\t\t\t\t\t\t\t\t\t\t\t\t\t\t\t\t\t\t\t\t\t\t\t\t\t\t\t\t\t\t\t\n\t\t\t\t\t\t\t<td class=\"wd-table-cell elementor-repeater-item-111e859\" colspan=\"1\" rowspan=\"1\">\n\t\t\t\t\t\t\t\t<p>Espinela p\u00farpura<\/p>\t\t\t\t\t\t\t<\/td>\n\t\t\t\t\t\t\t\t\t\t\t\t\t\t\t\t\t\t\t\t\t\t\t\t\n\t\t\t\t\t\t\t<td class=\"wd-table-cell elementor-repeater-item-dbe25ba\" colspan=\"1\" rowspan=\"1\">\n\t\t\t\t\t\t\t\t<p>8<\/p>\t\t\t\t\t\t\t<\/td>\n\t\t\t\t\t\t\t\t\t\t\t\t\t\t\t\t\t\t\t\t\t\t\t\t\n\t\t\t\t\t\t\t<td class=\"wd-table-cell elementor-repeater-item-2a66422\" colspan=\"1\" rowspan=\"1\">\n\t\t\t\t\t\t\t\t<p>$$$<\/p>\t\t\t\t\t\t\t<\/td>\n\t\t\t\t\t\t\t\t\t\t\t\t\t\t\t\t\t\t\t\t\t\t\t\t\n\t\t\t\t\t\t\t<td class=\"wd-table-cell elementor-repeater-item-56f5ca2\" colspan=\"1\" rowspan=\"1\">\n\t\t\t\t\t\t\t\t<p>Durabilidad y brillantez subestimadas; disponibilidad menos amplia<\/p>\t\t\t\t\t\t\t<\/td>\n\t\t\t\t\t\t\t\t\t\t\t\t\t\t\t\t\t\t\t\t\t\t\t\t\t\t\t\t\t\t\t\t<\/tr>\n\t\t\t\t\t\t\t\t<tr class=\"wd-table-row elementor-repeater-item-222d3fe\">\n\t\t\t\t\t\t\t\t\t\t\t\t\t\t\t\t\t\t\t\t\t\t\t\t\t\t\t\t\t\t\t\n\t\t\t\t\t\t\t<td class=\"wd-table-cell elementor-repeater-item-790a7c7\" colspan=\"1\" rowspan=\"1\">\n\t\t\t\t\t\t\t\t<p>Iolita<\/p>\t\t\t\t\t\t\t<\/td>\n\t\t\t\t\t\t\t\t\t\t\t\t\t\t\t\t\t\t\t\t\t\t\t\t\n\t\t\t\t\t\t\t<td class=\"wd-table-cell elementor-repeater-item-7d4c511\" colspan=\"1\" rowspan=\"1\">\n\t\t\t\t\t\t\t\t<p>7\u20137,5<\/p>\t\t\t\t\t\t\t<\/td>\n\t\t\t\t\t\t\t\t\t\t\t\t\t\t\t\t\t\t\t\t\t\t\t\t\n\t\t\t\t\t\t\t<td class=\"wd-table-cell elementor-repeater-item-75144a7\" colspan=\"1\" rowspan=\"1\">\n\t\t\t\t\t\t\t\t<p>$$<\/p>\t\t\t\t\t\t\t<\/td>\n\t\t\t\t\t\t\t\t\t\t\t\t\t\t\t\t\t\t\t\t\t\t\t\t\n\t\t\t\t\t\t\t<td class=\"wd-table-cell elementor-repeater-item-58c11b2\" colspan=\"1\" rowspan=\"1\">\n\t\t\t\t\t\t\t\t<p>Una alternativa econ\u00f3mica con un tono azul violeta m\u00e1s suave.<\/p>\t\t\t\t\t\t\t<\/td>\n\t\t\t\t\t\t\t\t\t\t\t\t\t\t\t\t<\/tr>\n\t\t\t\t<\/tbody>\n\t\t\t<\/table>\n\t\t<\/div>\n\t\t\t\t\t\t<\/div>\n\t\t\t\t<\/div>\n\t\t\t\t<div class=\"elementor-element elementor-element-e535da5 elementor-widget elementor-widget-wd_text_block\" data-id=\"e535da5\" data-element_type=\"widget\" data-e-type=\"widget\" data-widget_type=\"wd_text_block.default\">\n\t\t\t\t<div class=\"elementor-widget-container\">\n\t\t\t\t\t\t\t<div class=\"wd-text-block reset-last-child text-left\">\n\t\t\t\n\t\t\t<p>Para la mayor\u00eda de los compradores, la amatista sigue siendo la mejor combinaci\u00f3n de durabilidad, precio asequible y saturaci\u00f3n de color, raz\u00f3n por la cual ha mantenido su lugar como piedra natal oficial de febrero en lugar de ser desplazada por una alternativa m\u00e1s rara.<\/p>\n\t\t\t\t\t<\/div>\n\t\t\t\t\t\t<\/div>\n\t\t\t\t<\/div>\n\t\t\t\t\t<\/div>\n\t\t\t\t<\/div>\n\t\t<div class=\"wd-negative-gap elementor-element elementor-element-ed95ee6 e-flex e-con-boxed e-con e-parent\" data-id=\"ed95ee6\" data-element_type=\"container\" data-e-type=\"container\">\n\t\t\t\t\t<div class=\"e-con-inner\">\n\t\t\t\t<div class=\"elementor-element elementor-element-ae8cf88 elementor-widget elementor-widget-heading\" data-id=\"ae8cf88\" data-element_type=\"widget\" data-e-type=\"widget\" data-widget_type=\"heading.default\">\n\t\t\t\t\t<h2 class=\"elementor-heading-title elementor-size-default\">Gu\u00eda de compra de amatistas: \u00bfQu\u00e9 factores influyen en su valor?<\/h2>\t\t\t\t<\/div>\n\t\t\t\t<div class=\"elementor-element elementor-element-ba06e00 elementor-widget elementor-widget-wd_text_block\" data-id=\"ba06e00\" data-element_type=\"widget\" data-e-type=\"widget\" data-widget_type=\"wd_text_block.default\">\n\t\t\t\t<div class=\"elementor-widget-container\">\n\t\t\t\t\t\t\t<div class=\"wd-text-block reset-last-child text-left\">\n\t\t\t\n\t\t\t<p>A diferencia de los diamantes, el valor de la amatista depende principalmente de su color, m\u00e1s que de su peso en quilates o su claridad. Una piedra con un color uniforme y bien saturado, sin zonas visibles (bandas claras y oscuras irregulares), tendr\u00e1 un precio superior al de una piedra m\u00e1s grande pero de color m\u00e1s p\u00e1lido.<\/p><p>M\u00e1s all\u00e1 del color, busca un tallado bien ejecutado, con buena simetr\u00eda y una m\u00ednima zona opaca (un \u00e1rea descolorida por donde pasa la luz). Dado que la amatista es relativamente asequible, invertir un poco m\u00e1s en una piedra bien tallada y de color intenso casi siempre resulta en una pieza final notablemente m\u00e1s atractiva que priorizar \u00fanicamente el peso en quilates.<\/p>\n\t\t\t\t\t<\/div>\n\t\t\t\t\t\t<\/div>\n\t\t\t\t<\/div>\n\t\t\t\t\t<\/div>\n\t\t\t\t<\/div>\n\t\t<div class=\"wd-negative-gap elementor-element elementor-element-b73c012 e-flex e-con-boxed e-con e-parent\" data-id=\"b73c012\" data-element_type=\"container\" data-e-type=\"container\">\n\t\t\t\t\t<div class=\"e-con-inner\">\n\t\t\t\t<div class=\"elementor-element elementor-element-2342823 elementor-widget elementor-widget-heading\" data-id=\"2342823\" data-element_type=\"widget\" data-e-type=\"widget\" data-widget_type=\"heading.default\">\n\t\t\t\t\t<h2 class=\"elementor-heading-title elementor-size-default\">Cuidado de las joyas de amatista<\/h2>\t\t\t\t<\/div>\n\t\t\t\t<div class=\"elementor-element elementor-element-70f25a0 elementor-widget elementor-widget-wd_text_block\" data-id=\"70f25a0\" data-element_type=\"widget\" data-e-type=\"widget\" data-widget_type=\"wd_text_block.default\">\n\t\t\t\t<div class=\"elementor-widget-container\">\n\t\t\t\t\t\t\t<div class=\"wd-text-block reset-last-child text-left\">\n\t\t\t\n\t\t\t<ul><li>Limpiar con jab\u00f3n suave, agua tibia y un cepillo de cerdas suaves.<\/li><li>Evite la exposici\u00f3n prolongada a la luz solar directa, ya que puede decolorar la amatista con el tiempo.<\/li><li>Qu\u00edtatelo antes de nadar, ducharte o hacer ejercicio para evitar la exposici\u00f3n a productos qu\u00edmicos y a impactos.<\/li><li>Gu\u00e1rdalo separado de piedras preciosas y metales m\u00e1s duros para evitar rayones.<\/li><li>Evite los limpiadores ultras\u00f3nicos y de vapor a menos que un joyero confirme que son seguros, especialmente para piedras tratadas o con fracturas rellenas.<\/li><\/ul>\n\t\t\t\t\t<\/div>\n\t\t\t\t\t\t<\/div>\n\t\t\t\t<\/div>\n\t\t\t\t\t<\/div>\n\t\t\t\t<\/div>\n\t\t<div class=\"wd-negative-gap elementor-element elementor-element-591f6a4 e-flex e-con-boxed e-con e-parent\" data-id=\"591f6a4\" data-element_type=\"container\" data-e-type=\"container\">\n\t\t\t\t\t<div class=\"e-con-inner\">\n\t\t\t\t<div class=\"elementor-element elementor-element-21a732c elementor-widget elementor-widget-heading\" data-id=\"21a732c\" data-element_type=\"widget\" data-e-type=\"widget\" data-widget_type=\"heading.default\">\n\t\t\t\t\t<h2 class=\"elementor-heading-title elementor-size-default\">Ideas de regalos seg\u00fan la ocasi\u00f3n<\/h2>\t\t\t\t<\/div>\n\t\t\t\t<div class=\"elementor-element elementor-element-c77bd2e elementor-widget elementor-widget-image\" data-id=\"c77bd2e\" data-element_type=\"widget\" data-e-type=\"widget\" data-widget_type=\"image.default\">\n\t\t\t\t\t\t\t\t\t\t\t\t\t\t\t<img decoding=\"async\" width=\"1024\" height=\"576\" src=\"https:\/\/www.provencejewellery.com\/wp-content\/uploads\/2026\/07\/amethyst-jewelry-presented-as-a-gift.webp\" class=\"attachment-large size-large wp-image-9868\" alt=\"Joyas de amatista presentadas como regalo\" loading=\"lazy\" srcset=\"https:\/\/www.provencejewellery.com\/wp-content\/uploads\/2026\/07\/amethyst-jewelry-presented-as-a-gift.webp 1024w, https:\/\/www.provencejewellery.com\/wp-content\/uploads\/2026\/07\/amethyst-jewelry-presented-as-a-gift-300x169.webp 300w, https:\/\/www.provencejewellery.com\/wp-content\/uploads\/2026\/07\/amethyst-jewelry-presented-as-a-gift-768x432.webp 768w, https:\/\/www.provencejewellery.com\/wp-content\/uploads\/2026\/07\/amethyst-jewelry-presented-as-a-gift-18x10.webp 18w, https:\/\/www.provencejewellery.com\/wp-content\/uploads\/2026\/07\/amethyst-jewelry-presented-as-a-gift-600x338.webp 600w, https:\/\/www.provencejewellery.com\/wp-content\/uploads\/2026\/07\/amethyst-jewelry-presented-as-a-gift-150x84.webp 150w\" sizes=\"auto, (max-width: 1024px) 100vw, 1024px\" \/>\t\t\t\t\t\t\t\t\t\t\t\t\t\t\t<\/div>\n\t\t\t\t<div class=\"elementor-element elementor-element-6a401a4 elementor-widget elementor-widget-wd_text_block\" data-id=\"6a401a4\" data-element_type=\"widget\" data-e-type=\"widget\" data-widget_type=\"wd_text_block.default\">\n\t\t\t\t<div class=\"elementor-widget-container\">\n\t\t\t\t\t\t\t<div class=\"wd-text-block reset-last-child text-left\">\n\t\t\t\n\t\t\t<ul><li>Regalo de cumplea\u00f1os para alguien nacido en febrero \u2014 <a href=\"\/es\/fine-jewelry\/rings\/\">anillos<\/a>, pendientes de bot\u00f3n o colgantes en amatista cl\u00e1sica de color p\u00farpura intenso.<\/li><li>Sexto o decimos\u00e9ptimo aniversario de bodas: la amatista es la piedra preciosa tradicional para ambas ocasiones.<\/li><li>D\u00eda de San Valent\u00edn: la fecha de febrero convierte a la amatista en una alternativa natural a los regalos tradicionales de piedra roja, especialmente en los suaves tonos lila de Rose de France.<\/li><li>El D\u00eda de la Madre o una graduaci\u00f3n: su precio accesible convierte a la amatista en un regalo popular para quienes se inician en la joyer\u00eda fina.<\/li><\/ul>\n\t\t\t\t\t<\/div>\n\t\t\t\t\t\t<\/div>\n\t\t\t\t<\/div>\n\t\t\t\t\t<\/div>\n\t\t\t\t<\/div>\n\t\t<div class=\"wd-negative-gap elementor-element elementor-element-46981b8 e-flex e-con-boxed e-con e-parent\" data-id=\"46981b8\" data-element_type=\"container\" data-e-type=\"container\">\n\t\t\t\t\t<div class=\"e-con-inner\">\n\t\t\t\t<div class=\"elementor-element elementor-element-1022aa5 elementor-widget elementor-widget-heading\" data-id=\"1022aa5\" data-element_type=\"widget\" data-e-type=\"widget\" data-widget_type=\"heading.default\">\n\t\t\t\t\t<h2 class=\"elementor-heading-title elementor-size-default\">Preguntas frecuentes<\/h2>\t\t\t\t<\/div>\n\t\t\t\t<div class=\"elementor-element elementor-element-c4eace9 elementor-widget elementor-widget-wd_accordion\" data-id=\"c4eace9\" data-element_type=\"widget\" data-e-type=\"widget\" data-widget_type=\"wd_accordion.default\">\n\t\t\t\t<div class=\"elementor-widget-container\">\n\t\t\t\t\t\n\t\t<div class=\"wd-accordion wd-style-default wd-border-off wd-titles-left wd-opener-pos-left wd-opener-style-arrow\" data-state=\"first\">\n\t\t\t\t\t\t\t\n\t\t\t\t<div class=\"wd-accordion-item\">\n\t\t\t\t\t<div class=\"wd-accordion-title wd-role-btn wd-active\" data-accordion-index=\"0\" tabindex=\"0\">\n\t\t\t\t\t\t<div class=\"wd-accordion-title-text\">\n\t\t\t\t\t\t\t\t\t\t\t\t\t\t<span>\n\t\t\t\t\t\t\t\tP1. \u00bfEs la amatista una piedra de nacimiento real?\t\t\t\t\t\t\t<\/span>\n\t\t\t\t\t\t<\/div>\n\t\t\t\t\t\t<span class=\"wd-accordion-opener\"><\/span>\n\t\t\t\t\t<\/div>\n\n\t\t\t\t\t<div class=\"wd-accordion-content wd-entry-content wd-active\" data-accordion-index=\"0\">\n\t\t\t\t\t\t\t\t\t\t\t\t\t\n\t\t\t\t\t\t\t<p>S\u00ed. La amatista es reconocida como la piedra natal oficial de febrero tanto por la lista moderna establecida por Jewelers of America en 1912 como por la lista tradicional de piedras natales utilizada durante siglos.<\/p>\n\t\t\t\t\t\t\t\t\t\t\t\t\t\t\t\t\t\t<\/div>\n\t\t\t\t<\/div>\n\t\t\t\t\t\t\t\n\t\t\t\t<div class=\"wd-accordion-item\">\n\t\t\t\t\t<div class=\"wd-accordion-title wd-role-btn\" data-accordion-index=\"1\" tabindex=\"0\">\n\t\t\t\t\t\t<div class=\"wd-accordion-title-text\">\n\t\t\t\t\t\t\t\t\t\t\t\t\t\t<span>\n\t\t\t\t\t\t\t\tP2. \u00bfExiste m\u00e1s de una piedra de nacimiento para febrero?\t\t\t\t\t\t\t<\/span>\n\t\t\t\t\t\t<\/div>\n\t\t\t\t\t\t<span class=\"wd-accordion-opener\"><\/span>\n\t\t\t\t\t<\/div>\n\n\t\t\t\t\t<div class=\"wd-accordion-content wd-entry-content\" data-accordion-index=\"1\">\n\t\t\t\t\t\t\t\t\t\t\t\t\t\n\t\t\t\t\t\t\t<p>No. A diferencia de algunos meses que tienen m\u00faltiples opciones modernas y tradicionales, febrero siempre ha tenido la amatista en ambas listas, lo que la convierte en una de las piedras de nacimiento menos ambiguas del a\u00f1o.<\/p>\n\t\t\t\t\t\t\t\t\t\t\t\t\t\t\t\t\t\t<\/div>\n\t\t\t\t<\/div>\n\t\t\t\t\t\t\t\n\t\t\t\t<div class=\"wd-accordion-item\">\n\t\t\t\t\t<div class=\"wd-accordion-title wd-role-btn\" data-accordion-index=\"2\" tabindex=\"0\">\n\t\t\t\t\t\t<div class=\"wd-accordion-title-text\">\n\t\t\t\t\t\t\t\t\t\t\t\t\t\t<span>\n\t\t\t\t\t\t\t\tP3. \u00bfEs cara la amatista?\t\t\t\t\t\t\t<\/span>\n\t\t\t\t\t\t<\/div>\n\t\t\t\t\t\t<span class=\"wd-accordion-opener\"><\/span>\n\t\t\t\t\t<\/div>\n\n\t\t\t\t\t<div class=\"wd-accordion-content wd-entry-content\" data-accordion-index=\"2\">\n\t\t\t\t\t\t\t\t\t\t\t\t\t\n\t\t\t\t\t\t\t<p>La amatista es una de las gemas m\u00e1s asequibles en relaci\u00f3n con su tama\u00f1o y durabilidad. Las piedras de calidad comercial pueden costar solo unos pocos d\u00f3lares por quilate, mientras que el material raro y profundamente saturado de grado siberiano profundo puede alcanzar precios de $20 a $40+ por quilate.<\/p>\n\t\t\t\t\t\t\t\t\t\t\t\t\t\t\t\t\t\t<\/div>\n\t\t\t\t<\/div>\n\t\t\t\t\t\t\t\n\t\t\t\t<div class=\"wd-accordion-item\">\n\t\t\t\t\t<div class=\"wd-accordion-title wd-role-btn\" data-accordion-index=\"3\" tabindex=\"0\">\n\t\t\t\t\t\t<div class=\"wd-accordion-title-text\">\n\t\t\t\t\t\t\t\t\t\t\t\t\t\t<span>\n\t\t\t\t\t\t\t\tP4. \u00bfSe pueden mojar las joyas de amatista?\t\t\t\t\t\t\t<\/span>\n\t\t\t\t\t\t<\/div>\n\t\t\t\t\t\t<span class=\"wd-accordion-opener\"><\/span>\n\t\t\t\t\t<\/div>\n\n\t\t\t\t\t<div class=\"wd-accordion-content wd-entry-content\" data-accordion-index=\"3\">\n\t\t\t\t\t\t\t\t\t\t\t\t\t\n\t\t\t\t\t\t\t<p>Por lo general, un contacto breve con el agua no supone ning\u00fan problema, pero conviene retirar la amatista antes de nadar, ducharse o exponerse al agua durante un tiempo prolongado para proteger tanto la piedra como su engaste met\u00e1lico a lo largo del tiempo.<\/p>\n\t\t\t\t\t\t\t\t\t\t\t\t\t\t\t\t\t\t<\/div>\n\t\t\t\t<\/div>\n\t\t\t\t\t\t\t\n\t\t\t\t<div class=\"wd-accordion-item\">\n\t\t\t\t\t<div class=\"wd-accordion-title wd-role-btn\" data-accordion-index=\"4\" tabindex=\"0\">\n\t\t\t\t\t\t<div class=\"wd-accordion-title-text\">\n\t\t\t\t\t\t\t\t\t\t\t\t\t\t<span>\n\t\t\t\t\t\t\t\tP5. \u00bfSe decolora la amatista?\t\t\t\t\t\t\t<\/span>\n\t\t\t\t\t\t<\/div>\n\t\t\t\t\t\t<span class=\"wd-accordion-opener\"><\/span>\n\t\t\t\t\t<\/div>\n\n\t\t\t\t\t<div class=\"wd-accordion-content wd-entry-content\" data-accordion-index=\"4\">\n\t\t\t\t\t\t\t\t\t\t\t\t\t\n\t\t\t\t\t\t\t<p>La amatista puede perder color con el tiempo si se expone de forma prolongada a la luz solar directa e intensa. Guardar las joyas lejos de la luz directa cuando no se usan ayuda a preservar la intensidad del color.<\/p>\n\t\t\t\t\t\t\t\t\t\t\t\t\t\t\t\t\t\t<\/div>\n\t\t\t\t<\/div>\n\t\t\t\t\t<\/div>\n\t\t\t\t\t\t<\/div>\n\t\t\t\t<\/div>\n\t\t\t\t\t<\/div>\n\t\t\t\t<\/div>\n\t\t\t\t<\/div>","protected":false},"excerpt":{"rendered":"<p>February&#8217;s birthstone is amethyst, a purple variety of quartz prized for centuries for its rich violet color and rumored powers<\/p>","protected":false},"author":1,"featured_media":9873,"comment_status":"closed","ping_status":"open","sticky":false,"template":"","format":"standard","meta":{"footnotes":""},"categories":[32],"tags":[],"class_list":["post-9857","post","type-post","status-publish","format-standard","has-post-thumbnail","hentry","category-gemstone-guides"],"_links":{"self":[{"href":"https:\/\/www.provencejewellery.com\/es\/wp-json\/wp\/v2\/posts\/9857","targetHints":{"allow":["GET"]}}],"collection":[{"href":"https:\/\/www.provencejewellery.com\/es\/wp-json\/wp\/v2\/posts"}],"about":[{"href":"https:\/\/www.provencejewellery.com\/es\/wp-json\/wp\/v2\/types\/post"}],"author":[{"embeddable":true,"href":"https:\/\/www.provencejewellery.com\/es\/wp-json\/wp\/v2\/users\/1"}],"replies":[{"embeddable":true,"href":"https:\/\/www.provencejewellery.com\/es\/wp-json\/wp\/v2\/comments?post=9857"}],"version-history":[{"count":5,"href":"https:\/\/www.provencejewellery.com\/es\/wp-json\/wp\/v2\/posts\/9857\/revisions"}],"predecessor-version":[{"id":9882,"href":"https:\/\/www.provencejewellery.com\/es\/wp-json\/wp\/v2\/posts\/9857\/revisions\/9882"}],"wp:featuredmedia":[{"embeddable":true,"href":"https:\/\/www.provencejewellery.com\/es\/wp-json\/wp\/v2\/media\/9873"}],"wp:attachment":[{"href":"https:\/\/www.provencejewellery.com\/es\/wp-json\/wp\/v2\/media?parent=9857"}],"wp:term":[{"taxonomy":"category","embeddable":true,"href":"https:\/\/www.provencejewellery.com\/es\/wp-json\/wp\/v2\/categories?post=9857"},{"taxonomy":"post_tag","embeddable":true,"href":"https:\/\/www.provencejewellery.com\/es\/wp-json\/wp\/v2\/tags?post=9857"}],"curies":[{"name":"wp","href":"https:\/\/api.w.org\/{rel}","templated":true}]}}